{"id":5953,"date":"2015-08-30T17:05:32","date_gmt":"2015-08-30T17:05:32","guid":{"rendered":"https:\/\/www.aircompressormpc.com\/exposition-de-la-foire-internationale-de-liaa-2016-septembre-2016\/"},"modified":"2024-05-15T07:19:10","modified_gmt":"2024-05-15T07:19:10","slug":"exposition-de-la-foire-internationale-de-liaa-2016-septembre-2016","status":"publish","type":"post","link":"https:\/\/www.aircompressormpc.com\/fr\/exposition-de-la-foire-internationale-de-liaa-2016-septembre-2016\/","title":{"rendered":"EXPOSITION DE LA FOIRE INTERNATIONALE DE L&rsquo;IAA 2016 (septembre 2016)"},"content":{"rendered":"<h1 style=\"font-weight:bold;font-size:50px;\"><a href=\"http:\/\/www.aircompressormpc.com\"><img decoding=\"async\" src=\"http:\/\/www.aircompressormpc.com\/img\/cms\/IMAGENES\/IAA%20cabecera_1.jpg\" alt=\"Fair-fima-mpc-compresseurs\" width=\"100%\" height=\"100%\"><\/a><\/h1>\n<div>\n<h1 style=\"font-weight:bold;font-size:50px;margin-bottom:0px;\"><span style=\"color:#08088a;\"><strong>PROCHAINE EXPOSITION<br \/>  \u00c0 LA FOIRE INTERNATIONALE  <br \/>  IAA V\u00c9HICULES COMMERCIAUX 2016.<\/strong><\/span><\/h1>\n<\/p><\/div>\n<div>\n<p style=\"color:#08088a;font-size:60px;margin:0px;\"><strong>&#8211;<\/strong><\/p>\n<\/p><\/div>\n<div>\n<h2 style=\"color:#08088a;\"><img loading=\"lazy\" decoding=\"async\" style=\"float:right;margin-left:5%;\" src=\"http:\/\/www.aircompressormpc.com\/img\/cms\/IMAGENES\/IAAcuerpo.png\" alt=\"FOIRE DE L'IAA\" width=\"388\" height=\"388\">Pr\u00e9sentation de nos compresseurs sp\u00e9ciaux pour unit\u00e9s mobiles.<\/h2>\n<hr>\n<div>\n<p style=\"font-size:14px;color:#585858;line-height:150%;\">29-JUILLET-2016<\/p>\n<p><\/p>\n<p style=\"font-size:14px;color:#585858;line-height:150%;text-align:justify;\">Du 22 au 29 septembre 2016, la 66e \u00e9dition du principal salon mondial de la mobilit\u00e9, du transport et de la logistique se tiendra \u00e0 Hanovre, en Allemagne. <strong> <a style=\"text-decoration:none;\" href=\"http:\/\/www.iaa.de\/en\/\"> le salon international IAA pour les v\u00e9hicules commerciaux, <\/a><\/strong>le principal salon mondial de la mobilit\u00e9, du transport et de la logistique.<\/p>\n<p><\/p>\n<p style=\"font-size:14px;color:#585858;line-height:150%;text-align:justify;\">Selon ses statistiques, l&rsquo;\u00e9dition pr\u00e9c\u00e9dente du salon comptait quelque 2 066 exposants, soit 9 % de plus que lors de l&rsquo;IAA 2012, en provenance de 45 pays et a attir\u00e9 environ <strong>260 000 visiteurs<\/strong>.<\/p>\n<p><\/p>\n<p style=\"font-size:14px;color:#585858;line-height:150%;text-align:justify;\">A l&rsquo;occasion de cette exposition, MPC Air Compressors sera pr\u00e9sent sur le stand situ\u00e9 au  <strong>hall 11, stand I 10.<\/strong>  La gamme de compresseurs et les innovations pour les unit\u00e9s mobiles, y compris les mod\u00e8les sp\u00e9ciaux pour les petites unit\u00e9s, seront pr\u00e9sent\u00e9es :  <strong>Thunder 70 et Multibox,  <\/strong>caract\u00e9ris\u00e9s principalement par leur petite taille et leur poids.<\/p>\n<p><\/p>\n<p style=\"font-size:14px;color:#585858;line-height:150%;text-align:justify;\">Nous nous r\u00e9jouissons de votre visite \u00e0 notre stand pendant la foire, o\u00f9 nous pourrons vous conseiller et r\u00e9pondre \u00e0 toutes vos questions.<\/p>\n<p><\/p>\n<p style=\"font-size:14px;color:#585858;line-height:150%;text-align:justify;\"><strong style=\"font-size:18px;\">DONN\u00c9ES DU SALON IAA 2016 :<\/strong> <br \/><strong>Lieu : <\/strong>Parc des expositions de la Deutsche Messe, Hermesallee 30521 Hanovre (ALLEMAGNE)  <br \/><strong>Stand MPC Air Compressors : Hall <\/strong>11, Stand I 10.  <br \/><strong>Date : <\/strong>du jeudi 22 au jeudi 29 septembre 2016.  <br \/><strong>Heures d&rsquo;ouverture : 9 <\/strong>:00 &#8211; 18:00 h.<\/p>\n<p><strong>Plus d&rsquo;informations : <\/strong><a style=\"text-decoration:none;\" href=\"http:\/\/www.iaa.de\/en\/\">http:\/\/www.iaa.de\/en\/<\/a><\/p>\n<p style=\"font-size:14px;color:#585858;line-height:150%;text-align:justify;margin-top:5%;\"><img decoding=\"async\" src=\"http:\/\/www.aircompressormpc.com\/img\/cms\/IMAGENES\/IAA%20cabecera%20-%20inf.jpg\" alt=\"banni\u00e8re-mpc-fima-visiteurs\" width=\"100%\" height=\"100%\"><\/p>\n<\/p><\/div>\n<\/p><\/div>\n","protected":false},"excerpt":{"rendered":"<p>PROCHAINE EXPOSITION \u00c0 LA FOIRE INTERNATIONALE IAA V\u00c9HICULES COMMERCIAUX 2016. &#8211; Pr\u00e9sentation de nos compresseurs sp\u00e9ciaux pour unit\u00e9s mobiles. 29-JUILLET-2016 Du 22 au 29 septembre 2016, la 66e \u00e9dition du principal salon mondial de la mobilit\u00e9, du transport et de la logistique se tiendra \u00e0 Hanovre, en Allemagne. le salon international IAA pour les v\u00e9hicules&hellip;<\/p>\n","protected":false},"author":1,"featured_media":0,"comment_status":"closed","ping_status":"open","sticky":false,"template":"","format":"standard","meta":{"footnotes":""},"categories":[652,658],"tags":[],"class_list":["post-5953","post","type-post","status-publish","format-standard","hentry","category-foires","category-nouvelles"],"aioseo_notices":[],"_links":{"self":[{"href":"https:\/\/www.aircompressormpc.com\/fr\/wp-json\/wp\/v2\/posts\/5953","targetHints":{"allow":["GET"]}}],"collection":[{"href":"https:\/\/www.aircompressormpc.com\/fr\/wp-json\/wp\/v2\/posts"}],"about":[{"href":"https:\/\/www.aircompressormpc.com\/fr\/wp-json\/wp\/v2\/types\/post"}],"author":[{"embeddable":true,"href":"https:\/\/www.aircompressormpc.com\/fr\/wp-json\/wp\/v2\/users\/1"}],"replies":[{"embeddable":true,"href":"https:\/\/www.aircompressormpc.com\/fr\/wp-json\/wp\/v2\/comments?post=5953"}],"version-history":[{"count":1,"href":"https:\/\/www.aircompressormpc.com\/fr\/wp-json\/wp\/v2\/posts\/5953\/revisions"}],"predecessor-version":[{"id":13278,"href":"https:\/\/www.aircompressormpc.com\/fr\/wp-json\/wp\/v2\/posts\/5953\/revisions\/13278"}],"wp:attachment":[{"href":"https:\/\/www.aircompressormpc.com\/fr\/wp-json\/wp\/v2\/media?parent=5953"}],"wp:term":[{"taxonomy":"category","embeddable":true,"href":"https:\/\/www.aircompressormpc.com\/fr\/wp-json\/wp\/v2\/categories?post=5953"},{"taxonomy":"post_tag","embeddable":true,"href":"https:\/\/www.aircompressormpc.com\/fr\/wp-json\/wp\/v2\/tags?post=5953"}],"curies":[{"name":"wp","href":"https:\/\/api.w.org\/{rel}","templated":true}]}}