{"id":579,"date":"2015-08-30T17:05:32","date_gmt":"2015-08-30T17:05:32","guid":{"rendered":"http:\/\/aircompressormpc.servicioempresa.com\/agenda-de-las-proximas-ferias\/"},"modified":"2015-08-30T17:05:32","modified_gmt":"2015-08-30T17:05:32","slug":"agenda-de-las-proximas-ferias","status":"publish","type":"post","link":"https:\/\/www.aircompressormpc.com\/fr\/agenda-de-las-proximas-ferias\/","title":{"rendered":"AGENDA DES PROCHAINES FOIRES (avril 2022)"},"content":{"rendered":"<div>\n<div>\n<p><img loading=\"lazy\" decoding=\"async\" class=\"img-responsive size-full wp-image-556\" title=\"MOTORTEC\" src=\"https:\/\/www.aircompressormpc.com\/wp-content\/uploads\/2015\/08\/FERIAS-MPC_1-Ferias-internacionales-2022-de-Mpc.jpg\" alt=\"Ferias internacionales 2022 de Mpc\" width=\"800\" height=\"511\" srcset=\"https:\/\/www.aircompressormpc.com\/wp-content\/uploads\/2015\/08\/FERIAS-MPC_1-Ferias-internacionales-2022-de-Mpc.jpg 2240w, https:\/\/www.aircompressormpc.com\/wp-content\/uploads\/2015\/08\/FERIAS-MPC_1-Ferias-internacionales-2022-de-Mpc-300x192.jpg 300w, https:\/\/www.aircompressormpc.com\/wp-content\/uploads\/2015\/08\/FERIAS-MPC_1-Ferias-internacionales-2022-de-Mpc-1024x655.jpg 1024w, https:\/\/www.aircompressormpc.com\/wp-content\/uploads\/2015\/08\/FERIAS-MPC_1-Ferias-internacionales-2022-de-Mpc-768x491.jpg 768w, https:\/\/www.aircompressormpc.com\/wp-content\/uploads\/2015\/08\/FERIAS-MPC_1-Ferias-internacionales-2022-de-Mpc-1536x982.jpg 1536w, https:\/\/www.aircompressormpc.com\/wp-content\/uploads\/2015\/08\/FERIAS-MPC_1-Ferias-internacionales-2022-de-Mpc-2048x1309.jpg 2048w, https:\/\/www.aircompressormpc.com\/wp-content\/uploads\/2015\/08\/FERIAS-MPC_1-Ferias-internacionales-2022-de-Mpc-600x384.jpg 600w\" sizes=\"auto, (max-width: 800px) 100vw, 800px\" \/><\/p>\n<p> Avec beaucoup d&rsquo;enthousiasme, nous commen\u00e7ons l&rsquo;ann\u00e9e avec un programme plein de foires. Rendez-vous en 2022 lors des prochains salons. Nous serons ravis de vous rencontrer physiquement sur les salons en Espagne et en Allemagne.<\/p>\n<p>Nous comprenons que les salons sont toujours une vitrine pour de nouveaux clients, ils vous permettent d&rsquo;\u00e9largir votre r\u00e9seau de contacts et vous aident \u00e9galement \u00e0 renforcer l&rsquo;image de l&rsquo;entreprise. Pour cette raison, nous avons d\u00e9cid\u00e9 d&rsquo;assister \u00e0 ces salons pour promouvoir notre propre image et la qualit\u00e9 de nos produits et services. Je te vois l\u00e0-bas?<\/p><\/div>\n<div>Prochaine \u00e9tape en IFBA\u00a0\u00c0 bient\u00f4t\u00a0!<\/div>\n<div>\n<hr \/>\n<p>\u00a0<\/p>\n<\/p><\/div>\n<div>\n<div id=\"list_large_pages\">\n<div id=\"list_large_page_1\">\n<div>\n<div>\n<h4><strong><a href=\"https:\/\/www.feriazaragoza.es\/fima-agricola-2022\" target=\"_blank\" rel=\"noopener\">FIMA<\/a><\/strong><\/h4>\n<h4>Espa\u00f1a\/\u00a026-30\u00a0Abril\u00a02022<\/h4>\n<h4><img loading=\"lazy\" decoding=\"async\" class=\"img-responsive size-full wp-image-559\" title=\"SIFERR\" src=\"https:\/\/www.aircompressormpc.com\/wp-content\/uploads\/2015\/08\/fima-fima.png\" alt=\"fima\" width=\"101\" height=\"42\" \/><\/h4>\n<h4><strong><a href=\"https:\/\/www.ifba.eu\/en\/\" target=\"_blank\" rel=\"noopener\">IFBA<\/a><\/strong><\/h4>\n<h4>Alemania\u00a0\/ 26-30 Mayo 2022\u00a0<\/h4>\n<h4>\u00a0<img loading=\"lazy\" decoding=\"async\" class=\"img-responsive size-full wp-image-562\" title=\"FEIMEC\" src=\"https:\/\/www.aircompressormpc.com\/wp-content\/uploads\/2015\/08\/ifba-logo-ifba.png\" alt=\"ifba\" width=\"100\" height=\"68\" \/><\/h4>\n<h4><strong><a href=\"https:\/\/automechanika.messefrankfurt.com\/frankfurt\/en.html\" target=\"_blank\" rel=\"noopener\">AUTOMECHANIKA<\/a><\/strong><\/h4>\n<div>Alemania\/\u00a013-17 Septiembre 2022\u00a0<\/div>\n<div>\u00a0<img loading=\"lazy\" decoding=\"async\" class=\"img-responsive size-full wp-image-568\" title=\"FEIMEC\" src=\"https:\/\/www.aircompressormpc.com\/wp-content\/uploads\/2015\/08\/automechanika-AUTOMECHANIKA.png\" alt=\"AUTOMECHANIKA\" width=\"100\" height=\"31\" \/><\/div>\n<div>\n<p><a href=\"https:\/\/www.autopromotec.com\/it\/index.php\" target=\"_blank\" rel=\"noopener\">AUTOPROMOTEC<\/a><\/p>\n<p>Italia 25-28 Mayo 2022<\/p>\n<p><img loading=\"lazy\" decoding=\"async\" class=\" size-full wp-image-565\" src=\"https:\/\/www.aircompressormpc.com\/wp-content\/uploads\/2015\/08\/autopromotec.JPG\" alt=\"\" width=\"150\" height=\"29\" srcset=\"https:\/\/www.aircompressormpc.com\/wp-content\/uploads\/2015\/08\/autopromotec.JPG 396w, https:\/\/www.aircompressormpc.com\/wp-content\/uploads\/2015\/08\/autopromotec-300x56.jpg 300w\" sizes=\"auto, (max-width: 150px) 100vw, 150px\" \/><\/p>\n<\/p><\/div>\n<div> <\/div>\n<h4><strong>IAA<\/strong><\/h4>\n<div>Alemania 20-25 Septiembre 2022\u00a0<\/div>\n<div><img loading=\"lazy\" decoding=\"async\" class=\" size-full wp-image-571\" src=\"https:\/\/www.aircompressormpc.com\/wp-content\/uploads\/2015\/08\/iaa-IAA.png\" alt=\"IAA\" width=\"100\" height=\"68\" \/><\/div>\n<\/p><\/div>\n<\/p><\/div>\n<div>\n<h4 class=\"hl_2\"><strong><a href=\"https:\/\/www.eisenwarenmesse.com\/\" target=\"_blank\" rel=\"noopener\">EISENWARENMESSE &#8211; INTERNATIONAL<\/a><\/strong><\/h4>\n<p>Alemania 25-28 Septiembre 2022<\/p>\n<p><img loading=\"lazy\" decoding=\"async\" class=\" size-full wp-image-574\" src=\"https:\/\/www.aircompressormpc.com\/wp-content\/uploads\/2015\/08\/internal-internacional.png\" alt=\"internacional\" width=\"100\" height=\"100\" srcset=\"https:\/\/www.aircompressormpc.com\/wp-content\/uploads\/2015\/08\/internal-internacional.png 250w, https:\/\/www.aircompressormpc.com\/wp-content\/uploads\/2015\/08\/internal-internacional-150x150.png 150w, https:\/\/www.aircompressormpc.com\/wp-content\/uploads\/2015\/08\/internal-internacional-100x100.png 100w\" sizes=\"auto, (max-width: 100px) 100vw, 100px\" \/><\/p>\n<\/p><\/div>\n<\/p><\/div>\n<\/p><\/div>\n<\/p><\/div>\n<\/p><\/div>\n<div> <\/div>\n","protected":false},"excerpt":{"rendered":"<p>Avec beaucoup d&rsquo;enthousiasme, nous commen\u00e7ons l&rsquo;ann\u00e9e avec un programme plein de foires. Rendez-vous en 2022 lors des prochains salons. Nous serons ravis de vous rencontrer physiquement sur les salons en Espagne et en Allemagne. Nous comprenons que les salons sont toujours une vitrine pour de nouveaux clients, ils vous permettent d&rsquo;\u00e9largir votre r\u00e9seau de contacts&hellip;<\/p>\n","protected":false},"author":1,"featured_media":556,"comment_status":"open","ping_status":"open","sticky":false,"template":"","format":"standard","meta":{"footnotes":""},"categories":[24,1],"tags":[],"class_list":["post-579","post","type-post","status-publish","format-standard","has-post-thumbnail","hentry","category-non-classifiee","category-sin-categorizar"],"aioseo_notices":[],"_links":{"self":[{"href":"https:\/\/www.aircompressormpc.com\/fr\/wp-json\/wp\/v2\/posts\/579","targetHints":{"allow":["GET"]}}],"collection":[{"href":"https:\/\/www.aircompressormpc.com\/fr\/wp-json\/wp\/v2\/posts"}],"about":[{"href":"https:\/\/www.aircompressormpc.com\/fr\/wp-json\/wp\/v2\/types\/post"}],"author":[{"embeddable":true,"href":"https:\/\/www.aircompressormpc.com\/fr\/wp-json\/wp\/v2\/users\/1"}],"replies":[{"embeddable":true,"href":"https:\/\/www.aircompressormpc.com\/fr\/wp-json\/wp\/v2\/comments?post=579"}],"version-history":[{"count":0,"href":"https:\/\/www.aircompressormpc.com\/fr\/wp-json\/wp\/v2\/posts\/579\/revisions"}],"wp:featuredmedia":[{"embeddable":true,"href":"https:\/\/www.aircompressormpc.com\/fr\/wp-json\/wp\/v2\/media\/556"}],"wp:attachment":[{"href":"https:\/\/www.aircompressormpc.com\/fr\/wp-json\/wp\/v2\/media?parent=579"}],"wp:term":[{"taxonomy":"category","embeddable":true,"href":"https:\/\/www.aircompressormpc.com\/fr\/wp-json\/wp\/v2\/categories?post=579"},{"taxonomy":"post_tag","embeddable":true,"href":"https:\/\/www.aircompressormpc.com\/fr\/wp-json\/wp\/v2\/tags?post=579"}],"curies":[{"name":"wp","href":"https:\/\/api.w.org\/{rel}","templated":true}]}}