{"id":444,"date":"2016-02-26T17:05:32","date_gmt":"2016-02-26T17:05:32","guid":{"rendered":"http:\/\/aircompressormpc.servicioempresa.com\/compresores-mpc-asistio-a-fima-2016\/"},"modified":"2015-08-30T17:05:32","modified_gmt":"2015-08-30T17:05:32","slug":"compresores-mpc-asistio-a-fima-2016","status":"publish","type":"post","link":"https:\/\/www.aircompressormpc.com\/fr\/compresores-mpc-asistio-a-fima-2016\/","title":{"rendered":"COMPRESORES MPC ASISTIO A FIMA 2016 (Febrero 2016)"},"content":{"rendered":"<h1 style=\"font-weight:bold;font-size:50px;\"><a href=\"http:\/\/www.aircompressormpc.com\"><img decoding=\"async\" src=\"http:\/\/www.aircompressormpc.com\/img\/cms\/IMAGENES\/FIMA%20cabecera%20-%203800x1150.jpg\" alt=\"Feria-fima-mpc-compresores\" width=\"100%\" height=\"100%\" \/><\/a><\/h1>\n<div>\n<h1 style=\"font-weight:bold;font-size:50px;margin-bottom:0px;\"><span style=\"color:#f21010;\"><strong>NOUS AVONS ASSIST\u00c9 AU 39<br \/> SALON INTERNATIONAL FIMA<\/strong><\/span><\/h1>\n<\/p><\/div>\n<div>\n<p style=\"color:#ff0000;font-size:60px;margin:0px;\"><strong>&#8211;<\/strong><\/p>\n<\/p><\/div>\n<div>\n<h2 style=\"color:#ff0000;\"><img loading=\"lazy\" decoding=\"async\" style=\"float:right;margin-left:5%;\" src=\"http:\/\/www.aircompressormpc.com\/img\/cms\/IMAGENES\/Imagen-noticia-fima.jpg\" alt=\"\" width=\"400\" height=\"400\" \/>Pr\u00e9sentation des nouveaux mod\u00e8les THUNDER\/EOLO avec moteur KHOLER\/LOMBARDINI.<\/h2>\n<hr \/>\n<p style=\"font-size:14px;color:#585858;line-height:150%;\">11-AVRIL-2016<\/p>\n<p><\/p>\n<p style=\"font-size:14px;color:#585858;line-height:150%;text-align:justify;\">Raison de la FIMA Zaragoza, nous avons expos\u00e9 dans le salon la s\u00e9rie <strong><a style=\"text-decoration:none;\" href=\"http:\/\/www.aircompressormpc.com\/es\/serie-thunder\/15-moto-compresor-con-generador-thunder-1307et.html\">THUNDER<\/a><\/strong> et<strong><a style=\"text-decoration:none;\" href=\"http:\/\/www.aircompressormpc.com\/es\/serie-eolo\/9-moto-compresor-eolo-130.html\"> EOLO<\/a><\/strong> 15 Bar. \u00c9quipements \u00e0 tr\u00e8s haute acceptation pour nos distributeurs. Aussi nous avons pr\u00e9sentons des versions Diesel du THUNDER\/EOLO.<\/p>\n<p><\/p>\n<p style=\"font-size:14px;color:#585858;line-height:150%;text-align:justify;\"><strong><a style=\"text-decoration:none;\" href=\"http:\/\/www.aircompressormpc.com\/es\/serie-thunder\/15-moto-compresor-con-generador-thunder-1307et.html\">L\u2019equipment multifonctions THUNDER, <\/a><\/strong> permettant de fournir tensions de 400III et 230 II, avec un maximum de 7Kva en incorporant syst\u00e8me d\u2019air comprim\u00e9 de 15 Bar avec aspiration de 900 lts\/min et avec option de moto soudeuses avec sortie monophas\u00e9. Tout cela dans l\u2019\u00e9quipement plus l\u00e9ger et le plus compact du march\u00e9.<\/p>\n<p><\/p>\n<p style=\"font-size:14px;color:#585858;line-height:150%;text-align:justify;\"><strong><a style=\"text-decoration:none;\" href=\"http:\/\/www.aircompressormpc.com\/es\/serie-eolo\/9-moto-compresor-eolo-130.html\"> Compresseur EOLO<\/a><\/strong>, compresseurs autonomes avec moteur \u00e0 explosion HONDA, \u00e9quip\u00e9 avec syst\u00e8me d&rsquo;acc\u00e9l\u00e9ration automatique, pressions de fonctionnement maximales de 15 Bars et aspirations de 1300 lts\/min.<\/p>\n<p><\/p>\n<p style=\"font-size:14px;color:#585858;line-height:150%;text-align:justify;\">Merci de l\u2019exp\u00e9rience et notre propre division de d\u00e9veloppement, nous d\u00e9veloppons syst\u00e8me anti- vibrations, qui garantit vibrations limit\u00e9es et tr\u00e8s faible poids pour nos appareils font une diff\u00e9rence dans le march\u00e9 europ\u00e9en.<\/p>\n<p><\/p>\n<p style=\"font-size:14px;color:#585858;line-height:150%;text-align:justify;\">Les nouveaux mod\u00e8les DIESEL r\u00e9sultent des nouvelles synergies avec le fabricant de moteurs KHOLER\/LOMBARDINI, en obtenant ainsi les performances maximales et d&rsquo;un \u00e9quipement s\u00fbr pour travails avec des besoins sp\u00e9ciaux o\u00f9 ne peuvent pas intervenir des carburants tels que de l&rsquo;essence.<\/p>\n<p style=\"font-size:14px;color:#585858;line-height:150%;\"><img decoding=\"async\" src=\"http:\/\/www.aircompressormpc.com\/img\/cms\/IMAGENES\/Attach%202.jpg\" alt=\"banner-mpc-fima-visitanos\" width=\"100%\" height=\"100%\" \/><\/p>\n<\/p><\/div>\n","protected":false},"excerpt":{"rendered":"<p>NOUS AVONS ASSIST\u00c9 AU 39 SALON INTERNATIONAL FIMA &#8211; Pr\u00e9sentation des nouveaux mod\u00e8les THUNDER\/EOLO avec moteur KHOLER\/LOMBARDINI. 11-AVRIL-2016 Raison de la FIMA Zaragoza, nous avons expos\u00e9 dans le salon la s\u00e9rie THUNDER et EOLO 15 Bar. \u00c9quipements \u00e0 tr\u00e8s haute acceptation pour nos distributeurs. Aussi nous avons pr\u00e9sentons des versions Diesel du THUNDER\/EOLO. L\u2019equipment multifonctions&hellip;<\/p>\n","protected":false},"author":1,"featured_media":0,"comment_status":"closed","ping_status":"open","sticky":false,"template":"","format":"standard","meta":{"footnotes":""},"categories":[656],"tags":[],"class_list":["post-444","post","type-post","status-publish","format-standard","hentry","category-blog-fr"],"aioseo_notices":[],"_links":{"self":[{"href":"https:\/\/www.aircompressormpc.com\/fr\/wp-json\/wp\/v2\/posts\/444","targetHints":{"allow":["GET"]}}],"collection":[{"href":"https:\/\/www.aircompressormpc.com\/fr\/wp-json\/wp\/v2\/posts"}],"about":[{"href":"https:\/\/www.aircompressormpc.com\/fr\/wp-json\/wp\/v2\/types\/post"}],"author":[{"embeddable":true,"href":"https:\/\/www.aircompressormpc.com\/fr\/wp-json\/wp\/v2\/users\/1"}],"replies":[{"embeddable":true,"href":"https:\/\/www.aircompressormpc.com\/fr\/wp-json\/wp\/v2\/comments?post=444"}],"version-history":[{"count":0,"href":"https:\/\/www.aircompressormpc.com\/fr\/wp-json\/wp\/v2\/posts\/444\/revisions"}],"wp:attachment":[{"href":"https:\/\/www.aircompressormpc.com\/fr\/wp-json\/wp\/v2\/media?parent=444"}],"wp:term":[{"taxonomy":"category","embeddable":true,"href":"https:\/\/www.aircompressormpc.com\/fr\/wp-json\/wp\/v2\/categories?post=444"},{"taxonomy":"post_tag","embeddable":true,"href":"https:\/\/www.aircompressormpc.com\/fr\/wp-json\/wp\/v2\/tags?post=444"}],"curies":[{"name":"wp","href":"https:\/\/api.w.org\/{rel}","templated":true}]}}